{"id":814,"date":"2023-08-02T15:59:22","date_gmt":"2023-08-02T15:59:22","guid":{"rendered":"https:\/\/slowtravelcolombia.com\/?p=814"},"modified":"2023-08-02T17:34:47","modified_gmt":"2023-08-02T17:34:47","slug":"cultura-del-cafe-sin-prisa-ruta-1","status":"publish","type":"post","link":"https:\/\/slowtravelcolombia.com\/es\/cultura-del-cafe-sin-prisa-ruta-1\/","title":{"rendered":"Cultura del Caf\u00e9 SIN PRISA &#8211; Ruta #1"},"content":{"rendered":"<blockquote class=\"wp-block-quote is-layout-flow wp-block-quote-is-layout-flow\">\n<h3 class=\"wp-block-heading has-text-align-left has-medium-font-size\"><em><strong>Una experiencia inmersiva de alto valor para Seniors donde el turismo sin prisa, la cultura y la naturaleza se unen en una combinaci\u00f3n \u00fanica en la regi\u00f3n cafetera de Colombia.<\/strong><\/em><\/h3>\n<\/blockquote>\n\n\n\n<div style=\"height:30px\" aria-hidden=\"true\" class=\"wp-block-spacer\"><\/div>\n\n\n\n<h5 class=\"wp-block-heading\">QUIND\u00cdO Y RISARALDA<\/h5>\n\n\n\n<p><strong>8 d\u00edas \/ 7 noches<\/strong><\/p>\n\n\n\n<hr class=\"wp-block-separator has-text-color has-white-color has-alpha-channel-opacity has-white-background-color has-background is-style-default\"\/>\n\n\n\n<div style=\"height:30px\" aria-hidden=\"true\" class=\"wp-block-spacer\"><\/div>\n\n\n\n<h5 class=\"wp-block-heading\">Incluye:<\/h5>\n\n\n\n<p><strong>3 Alojamientos de tradici\u00f3n y cultura cafetera<\/strong> Colombiana en Risaralda y en el Quind\u00edo.<\/p>\n\n\n\n<p><strong>Alimentaci\u00f3n (7 desayunos, 6 almuerzos, 7 cenas, 11 snacks y 8 aguas<\/strong> por persona, inicia con el snack de la tarde del primer d\u00eda y finaliza con el desayuno del \u00faltimo d\u00eda<\/p>\n\n\n\n<p><strong>Gu\u00eda profesional biling\u00fce<\/strong><\/p>\n\n\n\n<p><strong>Transporte privado<\/strong> para llevarlo <strong>aeropuerto \u2013 hotel \u2013 aeropuerto<\/strong> y desde <strong>su hotel a todas las experiencias tur\u00edsticas<\/strong> programadas.<\/p>\n\n\n\n<p><strong>Tarjeta de asistencia m\u00e9dica<\/strong> con cubrimiento a nivel internacional.<\/p>\n\n\n\n<p><strong>Experiencias Tur\u00edsticas<\/strong><\/p>\n\n\n\n<div style=\"height:30px\" aria-hidden=\"true\" class=\"wp-block-spacer\"><\/div>\n\n\n\n<h5 class=\"wp-block-heading\">Experiencias:<\/h5>\n\n\n\n<ul class=\"wp-block-list\">\n<li>Shows y grupos musicales en vivo de m\u00fasica Colombiana.<\/li>\n\n\n\n<li>Cata de Frutas Tropicales.<\/li>\n\n\n\n<li>Noche de Barbacoa en el jard\u00edn, acompa\u00f1ados de fogata y serenata.<\/li>\n\n\n\n<li>Experiencia Ecuestre de alto valor con arboterapia, ritual simb\u00f3lico, p\u00edcnic exclusivo, demostraci\u00f3n y entrenamiento de caballos \u00e1rabes y espa\u00f1oles.<\/li>\n\n\n\n<li>Experiencia \u00fanica de Caf\u00e9 entre monta\u00f1as.<\/li>\n\n\n\n<li>Recorrido vivencial y sensorial del Caf\u00e9 y Canasto.<\/li>\n\n\n\n<li>Clases de cocina Colombiana, donde aprender\u00e1s a preparar un plato t\u00edpico de nuestra regi\u00f3n de la mano de un chef local.<\/li>\n\n\n\n<li>Talleres Artesanales.<\/li>\n\n\n\n<li>Experiencia transformadora de Yoga y meditaci\u00f3n que te brindar\u00e1 bienestar f\u00edsico, mental y espiritual.<\/li>\n\n\n\n<li>Para\u00edso del bamb\u00fa y la guadua una experiencia \u00fanica de agroturismo.<\/li>\n\n\n\n<li>Experiencia del Cacao y del Pl\u00e1tano donde podr\u00e1s aprender sobre la transformaci\u00f3n del cacao en chocolate y los procesos de cultivo del pl\u00e1tano.<\/li>\n\n\n\n<li>Ritual y siembra de la Palma de Cera en Cocora donde podr\u00e1s conectar con el nacimiento y conservaci\u00f3n del \u00e1rbol nacional de Colombia hasta deleitar tus sentidos con una deliciosa trucha con patac\u00f3n, plato que simboliza la esencia de Salento.<\/li>\n\n\n\n<li>Atardecer inolvidable en el Rooftop m\u00e1s reconocido de la regi\u00f3n, con un men\u00fa que exalta las ra\u00edces de nuestro territorio.<\/li>\n\n\n\n<li>Elaboraci\u00f3n Arepa de Ma\u00edz donde aprender\u00e1s el proceso de elaboraci\u00f3n de la arepa de ma\u00edz, producto t\u00edpico nacional Colombiano desde la molienda del ma\u00edz hasta su degustaci\u00f3n.<\/li>\n\n\n\n<li>El Tour de la biodiversidad y la fabricaci\u00f3n de Panela \u201cTrapiche\u201d, para los amantes de la naturaleza, la agricultura sostenible y los productos org\u00e1nicos.<\/li>\n\n\n\n<li>Pueblos t\u00edpicos y artesan\u00edas: Visita los encantadores pueblos t\u00edpicos del Quind\u00edo como Filandia, Salento, Cocora y la riqueza de las artesan\u00edas colombianas.<\/li>\n\n\n\n<li>Jeep Willys: Disfruta del paisaje y de lugares incre\u00edbles a bordo del Jeep Willys, medio de transporte t\u00edpico de la regi\u00f3n.<\/li>\n<\/ul>","protected":false},"excerpt":{"rendered":"<p>Una experiencia inmersiva de alto valor para Seniors donde el turismo sin prisa, la cultura y la naturaleza se unen en una combinaci\u00f3n \u00fanica en la regi\u00f3n cafetera de Colombia. QUIND\u00cdO Y RISARALDA 8 d\u00edas \/ 7 noches Incluye: 3 Alojamientos de tradici\u00f3n y cultura cafetera Colombiana en Risaralda y en el Quind\u00edo. Alimentaci\u00f3n (7 [&hellip;]<\/p>","protected":false},"author":1,"featured_media":392,"comment_status":"open","ping_status":"closed","sticky":false,"template":"","format":"standard","meta":{"inline_featured_image":false,"footnotes":""},"categories":[6],"tags":[],"class_list":["post-814","post","type-post","status-publish","format-standard","has-post-thumbnail","hentry","category-internationals"],"_links":{"self":[{"href":"https:\/\/slowtravelcolombia.com\/es\/wp-json\/wp\/v2\/posts\/814","targetHints":{"allow":["GET"]}}],"collection":[{"href":"https:\/\/slowtravelcolombia.com\/es\/wp-json\/wp\/v2\/posts"}],"about":[{"href":"https:\/\/slowtravelcolombia.com\/es\/wp-json\/wp\/v2\/types\/post"}],"author":[{"embeddable":true,"href":"https:\/\/slowtravelcolombia.com\/es\/wp-json\/wp\/v2\/users\/1"}],"replies":[{"embeddable":true,"href":"https:\/\/slowtravelcolombia.com\/es\/wp-json\/wp\/v2\/comments?post=814"}],"version-history":[{"count":0,"href":"https:\/\/slowtravelcolombia.com\/es\/wp-json\/wp\/v2\/posts\/814\/revisions"}],"wp:featuredmedia":[{"embeddable":true,"href":"https:\/\/slowtravelcolombia.com\/es\/wp-json\/wp\/v2\/media\/392"}],"wp:attachment":[{"href":"https:\/\/slowtravelcolombia.com\/es\/wp-json\/wp\/v2\/media?parent=814"}],"wp:term":[{"taxonomy":"category","embeddable":true,"href":"https:\/\/slowtravelcolombia.com\/es\/wp-json\/wp\/v2\/categories?post=814"},{"taxonomy":"post_tag","embeddable":true,"href":"https:\/\/slowtravelcolombia.com\/es\/wp-json\/wp\/v2\/tags?post=814"}],"curies":[{"name":"wp","href":"https:\/\/api.w.org\/{rel}","templated":true}]}}